{"id":3875,"date":"2023-11-22T03:37:00","date_gmt":"2023-11-22T03:37:00","guid":{"rendered":"https:\/\/www.chalela-legal.com\/?p=3875"},"modified":"2025-06-10T18:56:31","modified_gmt":"2025-06-10T18:56:31","slug":"nueva-ley-de-pasivos-ambientales","status":"publish","type":"post","link":"https:\/\/www.chalela-legal.com\/en\/nueva-ley-de-pasivos-ambientales\/","title":{"rendered":"Nueva ley de Pasivos Ambientales"},"content":{"rendered":"<p class=\"has-medium-font-size\"><strong>Ley 2327 de 13 de septiembre de 2023<\/strong><\/p>\n\n\n\n<p><strong><u>Objetivo<\/u><\/strong><\/p>\n\n\n\n<p>Incorporar en nuestro ordenamiento jur\u00eddico la definici\u00f3n de pasivo ambiental, fijar los lineamientos para su adecuada gesti\u00f3n y definir la Estrategia para la Gesti\u00f3n de Pasivos Ambientales.<\/p>\n\n\n\n<p><strong><u>Definici\u00f3n de Pasivo Ambiental<\/u><\/strong><\/p>\n\n\n\n<p>\u201c(\u2026) afectaciones ambientales originadas por actividades antr\u00f3picas directa o indirectamente por la mano del hombre, autorizadas o no, acumulativas o no, susceptibles de ser medibles, ubicables y delimitables geogr\u00e1ficamente, que generan un nivel de riesgo no aceptable a la vida, la salud humana o el ambiente, de acuerdo con lo establecido por el Ministerio de Ambiente y Desarrollo Sostenible y el Ministerio de Salud, y para cuyo control no hay un instrumento ambiental o sectorial\u201d.<\/p>\n\n\n\n<p><strong><u>Asuntos de mayor relevancia<\/u><\/strong><\/p>\n\n\n\n<ol class=\"wp-block-list\">\n<li>Crea el Comit\u00e9 Nacional para la Gesti\u00f3n de Pasivos Ambientales:\n<ul class=\"wp-block-list\">\n<li>Ser\u00e1 responsable de la puesta en marcha y seguimiento a la pol\u00edtica p\u00fablica y la coordinaci\u00f3n institucional.<\/li>\n\n\n\n<li>Deber\u00e1 ser reglamentado dentro de los 3 meses siguientes a la entrada en vigencia de la ley.<\/li>\n\n\n\n<li>Sus sesiones ser\u00e1n abiertas a todos los interesados (con voz pero sin voto).<\/li>\n<\/ul>\n<\/li>\n<\/ol>\n\n\n\n<ol start=\"2\" class=\"wp-block-list\">\n<li>Crea el Sistema de Informaci\u00f3n de Pasivos Ambientales:\n<ul class=\"wp-block-list\">\n<li>Instrumento \u00fanico para el manejo de la informaci\u00f3n sobre la Estrategia para la Gesti\u00f3n de los Pasivos Ambientales.<\/li>\n\n\n\n<li>Contar\u00e1 con un Registro de Pasivos Ambientales (REPA) que incorporar\u00e1 informaci\u00f3n clara completa y oportuna de la ubicaci\u00f3n de los pasivos ambientales declarados, responsables, actividades definidas en los Planes de Intervenci\u00f3n de Pasivos Ambientales, entre otros.<\/li>\n\n\n\n<li>Deber\u00e1 ser reglamentado dentro de los 6 meses siguientes a la entrada en vigencia de la ley.<\/li>\n<\/ul>\n<\/li>\n<\/ol>\n\n\n\n<ol start=\"3\" class=\"wp-block-list\">\n<li>Identificaci\u00f3n de un Pasivos Ambiental:\n<ul class=\"wp-block-list\">\n<li>La autoridad ambiental competente deber\u00e1 adelantar los estudios preliminares de riesgos necesarios para determinar la configuraci\u00f3n del Pasivo Ambiental.<\/li>\n\n\n\n<li>Para esto, el MADS implementar\u00e1 una metodolog\u00eda t\u00e9cnica de referencia y criterios espec\u00edficos.<\/li>\n\n\n\n<li>De configurarse el Pasivo Ambiental se identificar\u00e1 al presunto infractor y se iniciar\u00e1n las acciones para su intervenci\u00f3n, sin perjuicio de las medidas preventivas y sancionatoria a las que haya lugar.<\/li>\n<\/ul>\n<\/li>\n<\/ol>\n\n\n\n<ol start=\"4\" class=\"wp-block-list\">\n<li>Plan de Intervenci\u00f3n de Pasivos Ambientales:\n<ul class=\"wp-block-list\">\n<li>Es el instrumento de control y manejo ambiental objeto de evaluaci\u00f3n y seguimiento por parte de las autoridades ambientales competentes para la gesti\u00f3n de Pasivos Ambientales.<\/li>\n\n\n\n<li>Deber\u00e1 ser compatible con actividades que permitan rehabilitaci\u00f3n, remediaci\u00f3n y restauraci\u00f3n del \u00e1rea.<\/li>\n\n\n\n<li>Terceros interesados podr\u00e1n solicitar a la autoridad ambiental competente t\u00e9rminos de referencia para la gesti\u00f3n de un pasivo.<\/li>\n<\/ul>\n<\/li>\n<\/ol>\n\n\n\n<ol start=\"5\" class=\"wp-block-list\">\n<li>Recursos para la implementaci\u00f3n del Plan:\n<ul class=\"wp-block-list\">\n<li>Se modifica el art\u00edculo 43 de la Ley 99 de 1993: Con cargo a los recursos de la inversi\u00f3n forzosa del 1% se podr\u00e1n ejecutar los Planes de Intervenci\u00f3n de Pasivos Ambientales que se realicen en la misma cuenca hidrogr\u00e1fica.<\/li>\n\n\n\n<li>Los convenios celebrados en el marco del mecanismo Obras por Impuestos podr\u00e1n tener como objetivo la inversi\u00f3n directa en Planes de Intervenci\u00f3n de Pasivos Ambientales por terceros no responsables.<\/li>\n<\/ul>\n<\/li>\n<\/ol>\n\n\n\n<p>El equipo del \u00c1rea de Sostenibilidad Ambiental de Chalela Abogados realizar\u00e1 el seguimiento respectivo a la reglamentaci\u00f3n de la presente Ley, lo cual ser\u00e1 informando de manera oportuna.<\/p>\n\n\n\n<p>Si tiene inquietudes sobre la Ley promulgada o su implementaci\u00f3n por favor no dude en contactarnos a <a href=\"mailto:mariajoser@chalela-legal.com\">mariajoser@chalela-legal.com<\/a><\/p>","protected":false},"excerpt":{"rendered":"<p>Ley 2327 de 13 de septiembre de 2023 Objetivo Incorporar en nuestro ordenamiento jur\u00eddico la definici\u00f3n de pasivo ambiental, fijar los lineamientos para su adecuada gesti\u00f3n y definir la Estrategia para la Gesti\u00f3n de Pasivos Ambientales. Definici\u00f3n de Pasivo Ambiental \u201c(\u2026) afectaciones ambientales originadas por actividades antr\u00f3picas directa o indirectamente por la mano del hombre, [&hellip;]<\/p>","protected":false},"author":1,"featured_media":3877,"comment_status":"closed","ping_status":"closed","sticky":false,"template":"","format":"standard","meta":{"_acf_changed":false,"_monsterinsights_skip_tracking":false,"_monsterinsights_sitenote_active":false,"_monsterinsights_sitenote_note":"","_monsterinsights_sitenote_category":0,"footnotes":""},"categories":[1],"tags":[],"class_list":["post-3875","post","type-post","status-publish","format-standard","has-post-thumbnail","hentry","category-uncategorized"],"acf":[],"aioseo_notices":[],"_links":{"self":[{"href":"https:\/\/www.chalela-legal.com\/en\/wp-json\/wp\/v2\/posts\/3875","targetHints":{"allow":["GET"]}}],"collection":[{"href":"https:\/\/www.chalela-legal.com\/en\/wp-json\/wp\/v2\/posts"}],"about":[{"href":"https:\/\/www.chalela-legal.com\/en\/wp-json\/wp\/v2\/types\/post"}],"author":[{"embeddable":true,"href":"https:\/\/www.chalela-legal.com\/en\/wp-json\/wp\/v2\/users\/1"}],"replies":[{"embeddable":true,"href":"https:\/\/www.chalela-legal.com\/en\/wp-json\/wp\/v2\/comments?post=3875"}],"version-history":[{"count":5,"href":"https:\/\/www.chalela-legal.com\/en\/wp-json\/wp\/v2\/posts\/3875\/revisions"}],"predecessor-version":[{"id":4527,"href":"https:\/\/www.chalela-legal.com\/en\/wp-json\/wp\/v2\/posts\/3875\/revisions\/4527"}],"wp:featuredmedia":[{"embeddable":true,"href":"https:\/\/www.chalela-legal.com\/en\/wp-json\/wp\/v2\/media\/3877"}],"wp:attachment":[{"href":"https:\/\/www.chalela-legal.com\/en\/wp-json\/wp\/v2\/media?parent=3875"}],"wp:term":[{"taxonomy":"category","embeddable":true,"href":"https:\/\/www.chalela-legal.com\/en\/wp-json\/wp\/v2\/categories?post=3875"},{"taxonomy":"post_tag","embeddable":true,"href":"https:\/\/www.chalela-legal.com\/en\/wp-json\/wp\/v2\/tags?post=3875"}],"curies":[{"name":"wp","href":"https:\/\/api.w.org\/{rel}","templated":true}]}}