{"id":3947,"date":"2023-12-18T15:10:06","date_gmt":"2023-12-18T15:10:06","guid":{"rendered":"https:\/\/www.chalela-legal.com\/?p=3947"},"modified":"2023-12-18T16:17:05","modified_gmt":"2023-12-18T16:17:05","slug":"expedicion-decreto-1998-de-2023-pagos-por-servicios-ambientales-para-la-paz-art-224-pnd","status":"publish","type":"post","link":"https:\/\/www.chalela-legal.com\/en\/expedicion-decreto-1998-de-2023-pagos-por-servicios-ambientales-para-la-paz-art-224-pnd\/","title":{"rendered":"Expedici\u00f3n Decreto 1998 de 2023, Pagos por Servicios Ambientales para la Paz (Art. 224 PND)"},"content":{"rendered":"<p>El 21 de noviembre de 2023 el Ministerio de Ambiente y Desarrollo Sostenible public\u00f3 el Decreto 1998 el cual se adiciona al Decreto 1076 de 2015.<\/p>\n\n\n\n<p>El publicado decreto reglament\u00f3 los Pagos por Servicios Ambientales para la Paz y el incentivo para la conservaci\u00f3n en \u00e1reas de dominio p\u00fablico en el marco de trabajos, obras o actividades con contenido restaurador o reparador (TOAR) de conformidad con el Art\u00edculo 224 del Plan Nacional de Desarrollo 2022-2026 (Ley 2294 de 2023).<\/p>\n\n\n\n<p>Seg\u00fan el decreto ser\u00e1n beneficiarias de estos pagos&nbsp; -incentivo econ\u00f3mico en dinero o en especie-: <em>i)<\/em> las v\u00edctimas -personas o sujetos colectivos comparecientes ante la JEP- que sean propietarias, poseedoras u ocupantes de buena fe exenta de culpa de predios en los cuales se realicen acciones de preservaci\u00f3n y\/o restauraci\u00f3n; y <em>ii)<\/em> las comunidades con arraigo territorial y cultural en las \u00e1reas de dominio p\u00fablico que cuenten con ecosistemas estrat\u00e9gicos en las cuales se realicen acciones de preservaci\u00f3n y\/o restauraci\u00f3n.<\/p>\n\n\n\n<p>Si tiene alguna duda sobre la aplicaci\u00f3n o alcance de esta nueva norma no dude en ponerse en contacto con el equipo de Chalela Abogados.<\/p>\n\n\n\n<p><\/p>","protected":false},"excerpt":{"rendered":"<p>El 21 de noviembre de 2023 el Ministerio de Ambiente y Desarrollo Sostenible public\u00f3 el Decreto 1998 el cual se adiciona al Decreto 1076 de 2015. El publicado decreto reglament\u00f3 los Pagos por Servicios Ambientales para la Paz y el incentivo para la conservaci\u00f3n en \u00e1reas de dominio p\u00fablico en el marco de trabajos, obras [&hellip;]<\/p>","protected":false},"author":1,"featured_media":3953,"comment_status":"closed","ping_status":"closed","sticky":false,"template":"","format":"standard","meta":{"_acf_changed":false,"_monsterinsights_skip_tracking":false,"_monsterinsights_sitenote_active":false,"_monsterinsights_sitenote_note":"","_monsterinsights_sitenote_category":0,"footnotes":""},"categories":[1],"tags":[],"class_list":["post-3947","post","type-post","status-publish","format-standard","has-post-thumbnail","hentry","category-uncategorized"],"acf":[],"aioseo_notices":[],"_links":{"self":[{"href":"https:\/\/www.chalela-legal.com\/en\/wp-json\/wp\/v2\/posts\/3947","targetHints":{"allow":["GET"]}}],"collection":[{"href":"https:\/\/www.chalela-legal.com\/en\/wp-json\/wp\/v2\/posts"}],"about":[{"href":"https:\/\/www.chalela-legal.com\/en\/wp-json\/wp\/v2\/types\/post"}],"author":[{"embeddable":true,"href":"https:\/\/www.chalela-legal.com\/en\/wp-json\/wp\/v2\/users\/1"}],"replies":[{"embeddable":true,"href":"https:\/\/www.chalela-legal.com\/en\/wp-json\/wp\/v2\/comments?post=3947"}],"version-history":[{"count":1,"href":"https:\/\/www.chalela-legal.com\/en\/wp-json\/wp\/v2\/posts\/3947\/revisions"}],"predecessor-version":[{"id":3949,"href":"https:\/\/www.chalela-legal.com\/en\/wp-json\/wp\/v2\/posts\/3947\/revisions\/3949"}],"wp:featuredmedia":[{"embeddable":true,"href":"https:\/\/www.chalela-legal.com\/en\/wp-json\/wp\/v2\/media\/3953"}],"wp:attachment":[{"href":"https:\/\/www.chalela-legal.com\/en\/wp-json\/wp\/v2\/media?parent=3947"}],"wp:term":[{"taxonomy":"category","embeddable":true,"href":"https:\/\/www.chalela-legal.com\/en\/wp-json\/wp\/v2\/categories?post=3947"},{"taxonomy":"post_tag","embeddable":true,"href":"https:\/\/www.chalela-legal.com\/en\/wp-json\/wp\/v2\/tags?post=3947"}],"curies":[{"name":"wp","href":"https:\/\/api.w.org\/{rel}","templated":true}]}}