{"id":4065,"date":"2024-02-28T20:25:57","date_gmt":"2024-02-28T20:25:57","guid":{"rendered":"https:\/\/www.chalela-legal.com\/?p=4065"},"modified":"2024-02-28T21:19:00","modified_gmt":"2024-02-28T21:19:00","slug":"se-modifican-competencias-para-tramite-de-licencias-ambientales-en-proyectos-fncer","status":"publish","type":"post","link":"https:\/\/www.chalela-legal.com\/en\/se-modifican-competencias-para-tramite-de-licencias-ambientales-en-proyectos-fncer\/","title":{"rendered":"Se modifican competencias para tr\u00e1mite de licencias ambientales en proyectos FNCER"},"content":{"rendered":"<p>El Ministerio de Ambiente y Desarrollo Sostenible (MADS) ha puesto a disposici\u00f3n del p\u00fablico, para recibir comentarios, el borrador de decreto que busca modificar las competencias para el tr\u00e1mite de licencias ambientales en proyectos FNCER y la exigibilidad del Diagn\u00f3stico Ambiental de Alternativas (DAA).<\/p>\n\n\n\n<p>Con fundamento en las consecuencias negativas del fen\u00f3meno de El Ni\u00f1o, prevenir posibles racionamientos de energ\u00eda, reducir las emisiones de carbono y otros GEI, enriquecer la matriz energ\u00e9tica del pa\u00eds y contribuir al cumplimiento de la meta <em>\u201cTransici\u00f3n energ\u00e9tica para la vida\u201d <\/em>establecida en el eje de transformaci\u00f3n productiva, internalizaci\u00f3n y acci\u00f3n clim\u00e1tica del Plan Nacional de Desarrollo, el MADS public\u00f3 el proyecto normativo para comentarios de la ciudadan\u00eda.<\/p>\n\n\n\n<p>En este proyecto de decreto el MADS propone los siguientes cambios:<\/p>\n\n\n\n<ol class=\"wp-block-list\" style=\"list-style-type:lower-roman\">\n<li>Redefine las competencias de la Autoridad Nacional de Licencias Ambientales (ANLA) y de las Corporaciones Aut\u00f3nomas Regionales para tramitar licencias ambientales para proyectos FNCER estableciendo que la ANLA asumir\u00e1 la competencia para el tr\u00e1mite de licencias desde los 50MW. Actualmente el Decreto 1076 de 2015 indica que las Corporaciones Aut\u00f3nomas Regionales eval\u00faan licencias para este tipo de proyectos desde los 10 megavatios hasta los 99 megavatios y la ANLA desde los 100 megavatios en adelante.<\/li>\n\n\n\n<li>Modifica el art\u00edculo 2.2.2.3.4.2 del Decreto 1076 de 2015 que establece las causales para la presentaci\u00f3n del DAA eliminando las excepciones respecto a fuentes energ\u00eda solar, e\u00f3lica, geotermia y mareomotriz contempladas en el numeral 7, y adicionando un numeral 17 que incluye proyectos de exploraci\u00f3n y uso de fuentes de energ\u00eda alternativa virtualmente contaminantes que provengan de fuentes energ\u00eda solar, e\u00f3lica, geotermia y mareomotriz cuando cuenten con activos de conexi\u00f3n con tensi\u00f3n igual o mayor a 50KV (sin perjuicio de los dispuesto la Ley 2099 de 2021 en lo que se refiere a compartir activos de conexi\u00f3n).<\/li>\n\n\n\n<li>Establece un r\u00e9gimen de transici\u00f3n que determina que: 1) los proyectos obras o actividades de FNCER con capacidad instalada entre 50MW y menos de 100MW que cuenten con licencia ambiental continuaran los procesos de modificaci\u00f3n, seguimiento y control con la autoridad regional competente, a menos que la modificaci\u00f3n implique un aumento en la capacidad de generaci\u00f3n, y 2) &nbsp;los tramites de licencia ambiental que cuenten con auto de inicio previo a la entrada en vigencia del decreto continuaran el tramita con la autoridad correspondiente.<\/li>\n<\/ol>\n\n\n\n<p>La fecha l\u00edmite para presentar comentarios es el hasta el pr\u00f3ximo 12 de marzo&nbsp;(<a href=\"https:\/\/www.minambiente.gov.co\/consultas-publicas\/\">https:\/\/www.minambiente.gov.co\/consultas-publicas\/<\/a>).<\/p>\n\n\n\n<p>Si tiene dudas o inquietudes sobre el proyecto de norma no dude en ponerse en contacto con nuestro equipo del <a href=\"mailto:marijoser@chalela-legal.com\" data-type=\"mailto\" data-id=\"mailto:marijoser@chalela-legal.com\">\u00c1rea De Sostenibilidad Ambiental mariajoserchalela-legal.com<\/a> el cual podr\u00e1 brindar el soporte que requiera.<\/p>","protected":false},"excerpt":{"rendered":"<p>El Ministerio de Ambiente y Desarrollo Sostenible (MADS) ha puesto a disposici\u00f3n del p\u00fablico, para recibir comentarios, el borrador de decreto que busca modificar las competencias para el tr\u00e1mite de licencias ambientales en proyectos FNCER y la exigibilidad del Diagn\u00f3stico Ambiental de Alternativas (DAA). Con fundamento en las consecuencias negativas del fen\u00f3meno de El Ni\u00f1o, [&hellip;]<\/p>","protected":false},"author":1,"featured_media":4066,"comment_status":"closed","ping_status":"closed","sticky":false,"template":"","format":"standard","meta":{"_acf_changed":false,"_monsterinsights_skip_tracking":false,"_monsterinsights_sitenote_active":false,"_monsterinsights_sitenote_note":"","_monsterinsights_sitenote_category":0,"footnotes":""},"categories":[1],"tags":[],"class_list":["post-4065","post","type-post","status-publish","format-standard","has-post-thumbnail","hentry","category-uncategorized"],"acf":[],"aioseo_notices":[],"_links":{"self":[{"href":"https:\/\/www.chalela-legal.com\/en\/wp-json\/wp\/v2\/posts\/4065","targetHints":{"allow":["GET"]}}],"collection":[{"href":"https:\/\/www.chalela-legal.com\/en\/wp-json\/wp\/v2\/posts"}],"about":[{"href":"https:\/\/www.chalela-legal.com\/en\/wp-json\/wp\/v2\/types\/post"}],"author":[{"embeddable":true,"href":"https:\/\/www.chalela-legal.com\/en\/wp-json\/wp\/v2\/users\/1"}],"replies":[{"embeddable":true,"href":"https:\/\/www.chalela-legal.com\/en\/wp-json\/wp\/v2\/comments?post=4065"}],"version-history":[{"count":5,"href":"https:\/\/www.chalela-legal.com\/en\/wp-json\/wp\/v2\/posts\/4065\/revisions"}],"predecessor-version":[{"id":4073,"href":"https:\/\/www.chalela-legal.com\/en\/wp-json\/wp\/v2\/posts\/4065\/revisions\/4073"}],"wp:featuredmedia":[{"embeddable":true,"href":"https:\/\/www.chalela-legal.com\/en\/wp-json\/wp\/v2\/media\/4066"}],"wp:attachment":[{"href":"https:\/\/www.chalela-legal.com\/en\/wp-json\/wp\/v2\/media?parent=4065"}],"wp:term":[{"taxonomy":"category","embeddable":true,"href":"https:\/\/www.chalela-legal.com\/en\/wp-json\/wp\/v2\/categories?post=4065"},{"taxonomy":"post_tag","embeddable":true,"href":"https:\/\/www.chalela-legal.com\/en\/wp-json\/wp\/v2\/tags?post=4065"}],"curies":[{"name":"wp","href":"https:\/\/api.w.org\/{rel}","templated":true}]}}