{"id":4292,"date":"2024-12-13T15:08:28","date_gmt":"2024-12-13T15:08:28","guid":{"rendered":"https:\/\/www.chalela-legal.com\/?p=4292"},"modified":"2024-12-13T18:52:18","modified_gmt":"2024-12-13T18:52:18","slug":"superintendencia-de-sociedades-fijo-los-plazos-para-la-presentacion-de-sus-estados-financieros","status":"publish","type":"post","link":"https:\/\/www.chalela-legal.com\/en\/superintendencia-de-sociedades-fijo-los-plazos-para-la-presentacion-de-sus-estados-financieros\/","title":{"rendered":"Superintendencia de Sociedades fij\u00f3 los plazos para la presentaci\u00f3n de sus estados financieros"},"content":{"rendered":"<p>La Superintendencia de Sociedades fij\u00f3 los plazos para la presentaci\u00f3n de sus estados financieros de prop\u00f3sito general\u00a0con corte a\u00a0<strong>31 de diciembre de 2024<\/strong>. A continuaci\u00f3n, le recordamos los plazos de presentaci\u00f3n seg\u00fan los \u00faltimos dos d\u00edgitos del NIT:<\/p>\n\n\n\n<figure class=\"wp-block-image size-large\"><img fetchpriority=\"high\" decoding=\"async\" width=\"915\" height=\"1024\" src=\"https:\/\/www.chalela-legal.com\/wp-content\/uploads\/2024\/12\/Espanol_1-1-915x1024.png\" alt=\"\" class=\"wp-image-4305\" srcset=\"https:\/\/www.chalela-legal.com\/wp-content\/uploads\/2024\/12\/Espanol_1-1-915x1024.png 915w, https:\/\/www.chalela-legal.com\/wp-content\/uploads\/2024\/12\/Espanol_1-1-268x300.png 268w, https:\/\/www.chalela-legal.com\/wp-content\/uploads\/2024\/12\/Espanol_1-1-768x859.png 768w, https:\/\/www.chalela-legal.com\/wp-content\/uploads\/2024\/12\/Espanol_1-1-1373x1536.png 1373w, https:\/\/www.chalela-legal.com\/wp-content\/uploads\/2024\/12\/Espanol_1-1-1831x2048.png 1831w, https:\/\/www.chalela-legal.com\/wp-content\/uploads\/2024\/12\/Espanol_1-1-11x12.png 11w\" sizes=\"(max-width: 915px) 100vw, 915px\" \/><\/figure>\n\n\n\n<p><\/p>\n\n\n\n<p>No olvide que la no presentaci\u00f3n o presentaci\u00f3n extempor\u00e1nea de los estados financieros, podr\u00e1 dar lugar a la imposici\u00f3n de sanciones.<\/p>","protected":false},"excerpt":{"rendered":"<p>La Superintendencia de Sociedades fij\u00f3 los plazos para la presentaci\u00f3n de sus estados financieros de prop\u00f3sito general\u00a0con corte a\u00a031 de diciembre de 2024. A continuaci\u00f3n, le recordamos los plazos de presentaci\u00f3n seg\u00fan los \u00faltimos dos d\u00edgitos del NIT: No olvide que la no presentaci\u00f3n o presentaci\u00f3n extempor\u00e1nea de los estados financieros, podr\u00e1 dar lugar a [&hellip;]<\/p>","protected":false},"author":1,"featured_media":4293,"comment_status":"closed","ping_status":"closed","sticky":false,"template":"","format":"standard","meta":{"_acf_changed":false,"_monsterinsights_skip_tracking":false,"_monsterinsights_sitenote_active":false,"_monsterinsights_sitenote_note":"","_monsterinsights_sitenote_category":0,"footnotes":""},"categories":[1],"tags":[],"class_list":["post-4292","post","type-post","status-publish","format-standard","has-post-thumbnail","hentry","category-uncategorized"],"acf":[],"aioseo_notices":[],"_links":{"self":[{"href":"https:\/\/www.chalela-legal.com\/en\/wp-json\/wp\/v2\/posts\/4292","targetHints":{"allow":["GET"]}}],"collection":[{"href":"https:\/\/www.chalela-legal.com\/en\/wp-json\/wp\/v2\/posts"}],"about":[{"href":"https:\/\/www.chalela-legal.com\/en\/wp-json\/wp\/v2\/types\/post"}],"author":[{"embeddable":true,"href":"https:\/\/www.chalela-legal.com\/en\/wp-json\/wp\/v2\/users\/1"}],"replies":[{"embeddable":true,"href":"https:\/\/www.chalela-legal.com\/en\/wp-json\/wp\/v2\/comments?post=4292"}],"version-history":[{"count":9,"href":"https:\/\/www.chalela-legal.com\/en\/wp-json\/wp\/v2\/posts\/4292\/revisions"}],"predecessor-version":[{"id":4309,"href":"https:\/\/www.chalela-legal.com\/en\/wp-json\/wp\/v2\/posts\/4292\/revisions\/4309"}],"wp:featuredmedia":[{"embeddable":true,"href":"https:\/\/www.chalela-legal.com\/en\/wp-json\/wp\/v2\/media\/4293"}],"wp:attachment":[{"href":"https:\/\/www.chalela-legal.com\/en\/wp-json\/wp\/v2\/media?parent=4292"}],"wp:term":[{"taxonomy":"category","embeddable":true,"href":"https:\/\/www.chalela-legal.com\/en\/wp-json\/wp\/v2\/categories?post=4292"},{"taxonomy":"post_tag","embeddable":true,"href":"https:\/\/www.chalela-legal.com\/en\/wp-json\/wp\/v2\/tags?post=4292"}],"curies":[{"name":"wp","href":"https:\/\/api.w.org\/{rel}","templated":true}]}}