{"id":4329,"date":"2025-01-16T15:05:38","date_gmt":"2025-01-16T15:05:38","guid":{"rendered":"https:\/\/www.chalela-legal.com\/?p=4329"},"modified":"2025-01-16T15:08:30","modified_gmt":"2025-01-16T15:08:30","slug":"nuevas-tarifas-para-registro-y-renovacion-de-matricula-mercantil-a-partir-de-2025","status":"publish","type":"post","link":"https:\/\/www.chalela-legal.com\/en\/nuevas-tarifas-para-registro-y-renovacion-de-matricula-mercantil-a-partir-de-2025\/","title":{"rendered":"Nuevas tarifas para registro y renovaci\u00f3n de matr\u00edcula mercantil a partir de 2025"},"content":{"rendered":"<p>El Decreto 0045 del 30 de enero de 2024 (el \u201cDecreto\u201d)\u00a0entr\u00f3 en vigencia\u00a0a partir del 1 de enero de 2025. Este Decreto introduce cambios importantes relacionados con las tarifas de registro y renovaci\u00f3n de la matr\u00edcula mercantil.<\/p>\n\n\n\n<p><strong>\u00bfQu\u00e9 implica esto?<\/strong>&nbsp;<\/p>\n\n\n\n<p>Empresarios y comerciantes deber\u00e1n tener en cuenta el nuevo marco tarifario para la renovaci\u00f3n de su matr\u00edcula mercantil, la cual seguir\u00e1 siendo obligatoria dentro de los primeros tres meses de cada a\u00f1o, seg\u00fan lo estipulado en el art\u00edculo 33 del C\u00f3digo de Comercio.<\/p>\n\n\n\n<p>Aspectos a destacar del Decreto:<\/p>\n\n\n\n<ul class=\"wp-block-list\">\n<li>Las tarifas de registro y renovaci\u00f3n del registro mercantil ser\u00e1n expresadas, en adelante, en Unidades de Valor B\u00e1sico sobre los activos l\u00edquidos ordinarios y con tarifas diferenciales.<\/li>\n\n\n\n<li>Se establece un nuevo marco tarifario para establecimientos, sucursales y agencias con tarifas o escalas diferenciales en funci\u00f3n de la cantidad de activos de la empresa matriz, a fin de lograr mayor progresividad y equidad en el recaudo.<\/li>\n<\/ul>\n\n\n\n<p><strong>Consulta el Decreto completo <a href=\"https:\/\/www.chalela-legal.com\/wp-content\/uploads\/2025\/01\/DECRETO-0045-DEL-30-DE-ENERO-DE-2024.pdf\" target=\"_blank\" rel=\"noopener\" title=\"aqu\u00ed\">aqu\u00ed<\/a>.<\/strong><\/p>","protected":false},"excerpt":{"rendered":"<p>El Decreto 0045 del 30 de enero de 2024 (el \u201cDecreto\u201d)\u00a0entr\u00f3 en vigencia\u00a0a partir del 1 de enero de 2025. Este Decreto introduce cambios importantes relacionados con las tarifas de registro y renovaci\u00f3n de la matr\u00edcula mercantil. \u00bfQu\u00e9 implica esto?&nbsp; Empresarios y comerciantes deber\u00e1n tener en cuenta el nuevo marco tarifario para la renovaci\u00f3n de [&hellip;]<\/p>","protected":false},"author":1,"featured_media":4333,"comment_status":"closed","ping_status":"closed","sticky":false,"template":"","format":"standard","meta":{"_acf_changed":false,"_monsterinsights_skip_tracking":false,"_monsterinsights_sitenote_active":false,"_monsterinsights_sitenote_note":"","_monsterinsights_sitenote_category":0,"footnotes":""},"categories":[1],"tags":[],"class_list":["post-4329","post","type-post","status-publish","format-standard","has-post-thumbnail","hentry","category-uncategorized"],"acf":[],"aioseo_notices":[],"_links":{"self":[{"href":"https:\/\/www.chalela-legal.com\/en\/wp-json\/wp\/v2\/posts\/4329","targetHints":{"allow":["GET"]}}],"collection":[{"href":"https:\/\/www.chalela-legal.com\/en\/wp-json\/wp\/v2\/posts"}],"about":[{"href":"https:\/\/www.chalela-legal.com\/en\/wp-json\/wp\/v2\/types\/post"}],"author":[{"embeddable":true,"href":"https:\/\/www.chalela-legal.com\/en\/wp-json\/wp\/v2\/users\/1"}],"replies":[{"embeddable":true,"href":"https:\/\/www.chalela-legal.com\/en\/wp-json\/wp\/v2\/comments?post=4329"}],"version-history":[{"count":1,"href":"https:\/\/www.chalela-legal.com\/en\/wp-json\/wp\/v2\/posts\/4329\/revisions"}],"predecessor-version":[{"id":4332,"href":"https:\/\/www.chalela-legal.com\/en\/wp-json\/wp\/v2\/posts\/4329\/revisions\/4332"}],"wp:featuredmedia":[{"embeddable":true,"href":"https:\/\/www.chalela-legal.com\/en\/wp-json\/wp\/v2\/media\/4333"}],"wp:attachment":[{"href":"https:\/\/www.chalela-legal.com\/en\/wp-json\/wp\/v2\/media?parent=4329"}],"wp:term":[{"taxonomy":"category","embeddable":true,"href":"https:\/\/www.chalela-legal.com\/en\/wp-json\/wp\/v2\/categories?post=4329"},{"taxonomy":"post_tag","embeddable":true,"href":"https:\/\/www.chalela-legal.com\/en\/wp-json\/wp\/v2\/tags?post=4329"}],"curies":[{"name":"wp","href":"https:\/\/api.w.org\/{rel}","templated":true}]}}