{"id":4393,"date":"2025-03-06T15:44:22","date_gmt":"2025-03-06T15:44:22","guid":{"rendered":"https:\/\/www.chalela-legal.com\/?p=4393"},"modified":"2025-03-06T15:44:24","modified_gmt":"2025-03-06T15:44:24","slug":"avances-frente-a-la-decision-de-sustraccion-de-areas-de-reserva-forestal-en-la-selva-amazonica-caso-del-resguardo-remanso-chorrobocon","status":"publish","type":"post","link":"https:\/\/www.chalela-legal.com\/en\/avances-frente-a-la-decision-de-sustraccion-de-areas-de-reserva-forestal-en-la-selva-amazonica-caso-del-resguardo-remanso-chorrobocon\/","title":{"rendered":"Avances frente a la decisi\u00f3n de sustracci\u00f3n de \u00e1reas de reserva forestal en la Selva Amaz\u00f3nica: caso del Resguardo Remanso Chorroboc\u00f3n"},"content":{"rendered":"<p>El 28 de febrero de 2025 el MADS, radic\u00f3 acci\u00f3n de tutela en contra del Cabildo del Gobernador del Resguardo Ind\u00edgena Remanso del Chorroboc\u00f3n, (\u201cEl Cabildo\u201d) requiriendo al Juzgado Primero Promiscuo Municipal de In\u00edrida (el \u201cJuzgado\u201d), entre otros, a:<\/p>\n\n\n\n<ul class=\"wp-block-list\">\n<li>\u201c<strong>Ordenar<\/strong>\u00a0la\u00a0<strong>suspensi\u00f3n inmediata<\/strong>\u00a0de obras y actividades en las \u00e1reas objeto de la pretendida sustracci\u00f3n por parte del Cabildo, por ser actividades no amparadas por un instrumento ambiental valido y tratarse de situaciones graves, irreversibles e inminentes que se trata de actuaciones contrarias al ordenamiento jur\u00eddico, dado que ya existe un acto administrativo expedido por el Ministerio de Ambiente y Desarrollo Sostenible que niega la sustracci\u00f3n para ese proyecto minero\u201d.<\/li>\n<\/ul>\n\n\n\n<p>El 4 de marzo de 2025, el Juzgado resolvi\u00f3 decretar la medida provisional en la que orden\u00f3:<\/p>\n\n\n\n<ul class=\"wp-block-list\">\n<li>\u201c<strong>Ordenar<\/strong>\u00a0al Cabildo\u00a0<strong>ABSTENERSE<\/strong>\u00a0de efectuar cualquier tipo de acto (jur\u00eddico o, de hecho) que se traduzca en la explotaci\u00f3n de minerales dentro de su jurisdicci\u00f3n. Esta prohibici\u00f3n implica que, no se podr\u00e1 adelantar ninguna actividad minera por miembros de la comunidad, o por terceros, y que tampoco se podr\u00e1 expedir alg\u00fan acto administrativo, resoluci\u00f3n o similar, que habilite la explotaci\u00f3n mineral presente o futura; ni se podr\u00e1n firmar o suscribir contratos o convenios que tengan como fin la pr\u00e1ctica de actividades mineras\u201d.<\/li>\n<\/ul>\n\n\n\n<p><strong>\u00bfCu\u00e1les fueron algunos de los argumentos del MADS?<\/strong><\/p>\n\n\n\n<ol start=\"1\" class=\"wp-block-list\">\n<li>Invocando el principio de legalidad, aleg\u00f3 la vulneraci\u00f3n de derechos como el derecho a\u00a0la vida, al ambiente sano y al debido proceso, entre otros.<\/li>\n\n\n\n<li>Destac\u00f3 que la acci\u00f3n de tutela es el mecanismo judicial id\u00f3neo frente a las particularidades del caso, debido a que el Cabildo, se arroga competencias que son de car\u00e1cter privativo y exclusivo del Ministerio.<\/li>\n\n\n\n<li>La decisi\u00f3n de sustraer estas \u00e1reas en particular, modifican las condiciones de la vocaci\u00f3n forestal de esta \u00e1rea protegida cobijada bajo la Ley 2.<\/li>\n\n\n\n<li>La sustracci\u00f3n se realiza sobre el complejo de humedales La Estrella Fluvial In\u00edrida, que cuenta con protecci\u00f3n internacional bajo la convenci\u00f3n RAMSAR.<\/li>\n\n\n\n<li>La miner\u00eda, como actividad de alto impacto, implicar\u00eda una intervenci\u00f3n intensiva en el R\u00edo In\u00edrida sin una evaluaci\u00f3n adecuada de los impactos ambientales y sociales.<\/li>\n<\/ol>\n\n\n\n<p>Es evidente que las consecuencias de la expedici\u00f3n del Decreto 1275 se reflejan en: i) un conflicto de competencias entre las comunidades ind\u00edgenas con facultades ambientales y las autoridades ambientales, ii) la desprotecci\u00f3n de ecosistemas estrat\u00e9gicos y sensibles para el mantenimiento de los ciclos hidrobiol\u00f3gicos, y iii) la vulneraci\u00f3n del ordenamiento jur\u00eddico ambiental, entre otros.<\/p>","protected":false},"excerpt":{"rendered":"<p>El 28 de febrero de 2025 el MADS, radic\u00f3 acci\u00f3n de tutela en contra del Cabildo del Gobernador del Resguardo Ind\u00edgena Remanso del Chorroboc\u00f3n, (\u201cEl Cabildo\u201d) requiriendo al Juzgado Primero Promiscuo Municipal de In\u00edrida (el \u201cJuzgado\u201d), entre otros, a: El 4 de marzo de 2025, el Juzgado resolvi\u00f3 decretar la medida provisional en la que [&hellip;]<\/p>","protected":false},"author":1,"featured_media":4394,"comment_status":"closed","ping_status":"closed","sticky":false,"template":"","format":"standard","meta":{"_acf_changed":false,"_monsterinsights_skip_tracking":false,"_monsterinsights_sitenote_active":false,"_monsterinsights_sitenote_note":"","_monsterinsights_sitenote_category":0,"footnotes":""},"categories":[1],"tags":[],"class_list":["post-4393","post","type-post","status-publish","format-standard","has-post-thumbnail","hentry","category-uncategorized"],"acf":[],"aioseo_notices":[],"_links":{"self":[{"href":"https:\/\/www.chalela-legal.com\/en\/wp-json\/wp\/v2\/posts\/4393","targetHints":{"allow":["GET"]}}],"collection":[{"href":"https:\/\/www.chalela-legal.com\/en\/wp-json\/wp\/v2\/posts"}],"about":[{"href":"https:\/\/www.chalela-legal.com\/en\/wp-json\/wp\/v2\/types\/post"}],"author":[{"embeddable":true,"href":"https:\/\/www.chalela-legal.com\/en\/wp-json\/wp\/v2\/users\/1"}],"replies":[{"embeddable":true,"href":"https:\/\/www.chalela-legal.com\/en\/wp-json\/wp\/v2\/comments?post=4393"}],"version-history":[{"count":1,"href":"https:\/\/www.chalela-legal.com\/en\/wp-json\/wp\/v2\/posts\/4393\/revisions"}],"predecessor-version":[{"id":4395,"href":"https:\/\/www.chalela-legal.com\/en\/wp-json\/wp\/v2\/posts\/4393\/revisions\/4395"}],"wp:featuredmedia":[{"embeddable":true,"href":"https:\/\/www.chalela-legal.com\/en\/wp-json\/wp\/v2\/media\/4394"}],"wp:attachment":[{"href":"https:\/\/www.chalela-legal.com\/en\/wp-json\/wp\/v2\/media?parent=4393"}],"wp:term":[{"taxonomy":"category","embeddable":true,"href":"https:\/\/www.chalela-legal.com\/en\/wp-json\/wp\/v2\/categories?post=4393"},{"taxonomy":"post_tag","embeddable":true,"href":"https:\/\/www.chalela-legal.com\/en\/wp-json\/wp\/v2\/tags?post=4393"}],"curies":[{"name":"wp","href":"https:\/\/api.w.org\/{rel}","templated":true}]}}