{"id":4563,"date":"2025-08-06T21:02:58","date_gmt":"2025-08-06T21:02:58","guid":{"rendered":"https:\/\/www.chalela-legal.com\/?p=4563"},"modified":"2025-08-06T21:03:00","modified_gmt":"2025-08-06T21:03:00","slug":"radicado-nuevo-proyecto-de-ley-para-prohibir-el-fracking-en-colombia","status":"publish","type":"post","link":"https:\/\/www.chalela-legal.com\/en\/radicado-nuevo-proyecto-de-ley-para-prohibir-el-fracking-en-colombia\/","title":{"rendered":"Radicado nuevo Proyecto de Ley para prohibir el Fracking en Colombia"},"content":{"rendered":"<p>Entre el 2018 y 2025 se han presentado m\u00faltiples iniciativas legislativas para prohibir el fracking en Colombia, sin \u00e9xito. Llama la atenci\u00f3n que el proyecto de ley radicado el pasado 21 de julio de 2025 reproduce el mismo contenido del Proyecto de Ley 150 de 2024 recientemente archivado.<\/p>\n\n\n\n<p><strong>Esta iniciativa busca<\/strong><\/p>\n\n\n\n<ul class=\"wp-block-list\">\n<li>Prohibir la exploraci\u00f3n y explotaci\u00f3n de hidrocarburos en yacimientos no convencionales (YNC).<\/li>\n\n\n\n<li>Prohibir la utilizaci\u00f3n de la t\u00e9cnica de Fracturamiento Hidr\u00e1ulico Multietapa en secciones horizontales.<\/li>\n\n\n\n<li>Proteger el medio ambiente y la salud de las actuales y futuras generaciones.<\/li>\n\n\n\n<li>Prevenir conflictos socioambientales.<\/li>\n\n\n\n<li>Contribuir al cumplimiento efectivo de las metas del Acuerdo de Paris.<\/li>\n<\/ul>\n\n\n\n<p><strong>R\u00e9gimen de transici\u00f3n propuesto<\/strong><\/p>\n\n\n\n<p>A partir de la expedici\u00f3n de la ley, no se podr\u00e1n suscribir, otorgar, adicionar, renovar ni prorrogar contratos, concesiones, licencias o permisos ambientales relacionados con la exploraci\u00f3n y explotaci\u00f3n de hidrocarburos en Yacimientos No Convencionales que sean objeto de prohibici\u00f3n. Tampoco se permitir\u00e1 el uso del Fracturamiento Hidr\u00e1ulico Multietapa en Secciones Horizontales para estos fines.<\/p>\n\n\n\n<p>\ud83d\udcc4Consulte el Proyecto de Resoluci\u00f3n en el siguiente <a href=\"https:\/\/www.prensajuridica.com\/A-2025-07-24-JUEVES\/Proyecto%20de%20Ley%20prohibici%C3%B3n%20del%20Fracking-Presentado%2021%20de%20julio-2025.pdf\" target=\"_blank\" rel=\"noopener\" title=\"\">enlace<\/a>.<\/p>","protected":false},"excerpt":{"rendered":"<p>Entre el 2018 y 2025 se han presentado m\u00faltiples iniciativas legislativas para prohibir el fracking en Colombia, sin \u00e9xito. Llama la atenci\u00f3n que el proyecto de ley radicado el pasado 21 de julio de 2025 reproduce el mismo contenido del Proyecto de Ley 150 de 2024 recientemente archivado. Esta iniciativa busca R\u00e9gimen de transici\u00f3n propuesto [&hellip;]<\/p>","protected":false},"author":1,"featured_media":4564,"comment_status":"closed","ping_status":"closed","sticky":false,"template":"","format":"standard","meta":{"_acf_changed":false,"_monsterinsights_skip_tracking":false,"_monsterinsights_sitenote_active":false,"_monsterinsights_sitenote_note":"","_monsterinsights_sitenote_category":0,"footnotes":""},"categories":[1],"tags":[],"class_list":["post-4563","post","type-post","status-publish","format-standard","has-post-thumbnail","hentry","category-uncategorized"],"acf":[],"aioseo_notices":[],"_links":{"self":[{"href":"https:\/\/www.chalela-legal.com\/en\/wp-json\/wp\/v2\/posts\/4563","targetHints":{"allow":["GET"]}}],"collection":[{"href":"https:\/\/www.chalela-legal.com\/en\/wp-json\/wp\/v2\/posts"}],"about":[{"href":"https:\/\/www.chalela-legal.com\/en\/wp-json\/wp\/v2\/types\/post"}],"author":[{"embeddable":true,"href":"https:\/\/www.chalela-legal.com\/en\/wp-json\/wp\/v2\/users\/1"}],"replies":[{"embeddable":true,"href":"https:\/\/www.chalela-legal.com\/en\/wp-json\/wp\/v2\/comments?post=4563"}],"version-history":[{"count":1,"href":"https:\/\/www.chalela-legal.com\/en\/wp-json\/wp\/v2\/posts\/4563\/revisions"}],"predecessor-version":[{"id":4565,"href":"https:\/\/www.chalela-legal.com\/en\/wp-json\/wp\/v2\/posts\/4563\/revisions\/4565"}],"wp:featuredmedia":[{"embeddable":true,"href":"https:\/\/www.chalela-legal.com\/en\/wp-json\/wp\/v2\/media\/4564"}],"wp:attachment":[{"href":"https:\/\/www.chalela-legal.com\/en\/wp-json\/wp\/v2\/media?parent=4563"}],"wp:term":[{"taxonomy":"category","embeddable":true,"href":"https:\/\/www.chalela-legal.com\/en\/wp-json\/wp\/v2\/categories?post=4563"},{"taxonomy":"post_tag","embeddable":true,"href":"https:\/\/www.chalela-legal.com\/en\/wp-json\/wp\/v2\/tags?post=4563"}],"curies":[{"name":"wp","href":"https:\/\/api.w.org\/{rel}","templated":true}]}}