{"id":4614,"date":"2025-09-17T22:32:33","date_gmt":"2025-09-17T22:32:33","guid":{"rendered":"https:\/\/www.chalela-legal.com\/?p=4614"},"modified":"2025-09-17T22:32:34","modified_gmt":"2025-09-17T22:32:34","slug":"el-mads-avanza-en-la-gestion-integral-del-agua","status":"publish","type":"post","link":"https:\/\/www.chalela-legal.com\/en\/el-mads-avanza-en-la-gestion-integral-del-agua\/","title":{"rendered":"El MADS avanza en la gesti\u00f3n integral del agua"},"content":{"rendered":"<p>En cumplimiento de la Pol\u00edtica Nacional para la Gesti\u00f3n Integral del Recurso H\u00eddrico (PNGIRH), as\u00ed como del Decreto 2372 de 2010 y el Decreto 050 de 2018, el Ministerio de Ambiente y desarrollo Sostenible (MADS) public\u00f3 para comentarios la Gu\u00eda Metodol\u00f3gica para la identificaci\u00f3n de Zonas Potenciales de Recarga de Acu\u00edferos en Colombia (la \u201cGu\u00eda\u201d). Esta iniciativa -que se espera sea adoptada mediante resoluci\u00f3n-, busca fortalecer la gesti\u00f3n integral del recurso h\u00eddrico en el pa\u00eds.<\/p>\n\n\n\n<p>La Gu\u00eda tiene como prop\u00f3sito establecer lineamientos unificados para la identificaci\u00f3n de las zonas de recarga de acu\u00edferos, que permitan la toma de decisiones a nivel regional para el establecimiento de medidas de manejo, la protecci\u00f3n del recurso h\u00eddrico y ordenamiento ambiental del territorio, en cumplimiento de las disposiciones legales vigentes.<\/p>\n\n\n\n<p><strong>Aspectos claves del proyecto<\/strong><\/p>\n\n\n\n<ul class=\"wp-block-list\">\n<li>La Gu\u00eda ser\u00e1 implementada por las autoridades ambientales competentes, y otros actores p\u00fablicos y privados tambi\u00e9n podr\u00e1n hacer uso de ella.<\/li>\n\n\n\n<li>Define variables, criterios y herramientas t\u00e9cnicas para la delimitaci\u00f3n de zonas de recarga de acu\u00edferos.<\/li>\n\n\n\n<li>Incluye una hoja de ruta metodol\u00f3gica y un manual de aplicaci\u00f3n mediante Sistemas de Informaci\u00f3n Geogr\u00e1fica (SIG).<\/li>\n\n\n\n<li>La metodolog\u00eda es adaptable a diversas escalas, permitiendo su aplicaci\u00f3n en diferentes contextos seg\u00fan las necesidades espec\u00edficas de cada regi\u00f3n.<\/li>\n\n\n\n<li>Propone m\u00e9todos isot\u00f3picos e hidrogeoqu\u00edmicos para la medici\u00f3n de par\u00e1metros en campo, que permitan validar la delimitaci\u00f3n de las zonas de recarga.<\/li>\n\n\n\n<li>Promueve la integraci\u00f3n de estas zonas en los instrumentos de ordenamiento territorial y en pol\u00edticas de desarrollo econ\u00f3mico, optimizando la inversi\u00f3n p\u00fablica y previniendo costos asociados a la degradaci\u00f3n de los recursos h\u00eddricos.<\/li>\n<\/ul>\n\n\n\n<p><strong>Implicaciones preliminares identificadas<\/strong><\/p>\n\n\n\n<ul class=\"wp-block-list\">\n<li>Esta iniciativa tendr\u00e1 un impacto positivo en la conservaci\u00f3n ambiental y contribuir de manera directa al bienestar econ\u00f3mico y social, asegurando una gesti\u00f3n h\u00eddrica adecuada que beneficiar\u00e1 tanto a las generaciones presentes como futuras.<\/li>\n\n\n\n<li>Conforme a lo dispuesto en el Decreto 050 de 2018, no se permiten vertimientos en zonas de recarga de acu\u00edferos.<\/li>\n\n\n\n<li>La delimitaci\u00f3n de las \u00e1reas de recarga de acu\u00edferos puede tener implicaciones para la gesti\u00f3n del territorio y el desarrollo de actividades productivas.<\/li>\n\n\n\n<li>Dada su funci\u00f3n ecol\u00f3gica en el ciclo hidrol\u00f3gico, estas zonas son reconocidas como ecosistemas estrat\u00e9gicos y, en consecuencia, objeto de especial atenci\u00f3n por parte de las autoridades ambientales.<\/li>\n\n\n\n<li>Esta clasificaci\u00f3n puede dar lugar a la adopci\u00f3n de medidas espec\u00edficas de conservaci\u00f3n, incluyendo su posible incorporaci\u00f3n en categor\u00edas de manejo ambiental o dentro del ordenamiento territorial, como \u00e1reas protegidas o de conservaci\u00f3n.<\/li>\n<\/ul>\n\n\n\n<p>El equipo de Sostenibilidad Ambiental de Chalela Abogados realiza seguimiento permanente de los proyectos normativos que adicionan o modifican el r\u00e9gimen legal ambiental colombiano.<\/p>\n\n\n\n<p>Consulte el Proyecto de Resoluci\u00f3n en el siguiente <a href=\"https:\/\/www.minambiente.gov.co\/consulta\/guia-metodologica-para-la-identificacion-de-zonas-potenciales-de-recarga-de-acuiferos\/\" target=\"_blank\" rel=\"noopener\" title=\"\">enlace<\/a>.<\/p>","protected":false},"excerpt":{"rendered":"<p>En cumplimiento de la Pol\u00edtica Nacional para la Gesti\u00f3n Integral del Recurso H\u00eddrico (PNGIRH), as\u00ed como del Decreto 2372 de 2010 y el Decreto 050 de 2018, el Ministerio de Ambiente y desarrollo Sostenible (MADS) public\u00f3 para comentarios la Gu\u00eda Metodol\u00f3gica para la identificaci\u00f3n de Zonas Potenciales de Recarga de Acu\u00edferos en Colombia (la \u201cGu\u00eda\u201d). [&hellip;]<\/p>","protected":false},"author":1,"featured_media":4615,"comment_status":"closed","ping_status":"closed","sticky":false,"template":"","format":"standard","meta":{"_acf_changed":false,"_monsterinsights_skip_tracking":false,"_monsterinsights_sitenote_active":false,"_monsterinsights_sitenote_note":"","_monsterinsights_sitenote_category":0,"footnotes":""},"categories":[1],"tags":[],"class_list":["post-4614","post","type-post","status-publish","format-standard","has-post-thumbnail","hentry","category-uncategorized"],"acf":[],"aioseo_notices":[],"_links":{"self":[{"href":"https:\/\/www.chalela-legal.com\/en\/wp-json\/wp\/v2\/posts\/4614","targetHints":{"allow":["GET"]}}],"collection":[{"href":"https:\/\/www.chalela-legal.com\/en\/wp-json\/wp\/v2\/posts"}],"about":[{"href":"https:\/\/www.chalela-legal.com\/en\/wp-json\/wp\/v2\/types\/post"}],"author":[{"embeddable":true,"href":"https:\/\/www.chalela-legal.com\/en\/wp-json\/wp\/v2\/users\/1"}],"replies":[{"embeddable":true,"href":"https:\/\/www.chalela-legal.com\/en\/wp-json\/wp\/v2\/comments?post=4614"}],"version-history":[{"count":1,"href":"https:\/\/www.chalela-legal.com\/en\/wp-json\/wp\/v2\/posts\/4614\/revisions"}],"predecessor-version":[{"id":4616,"href":"https:\/\/www.chalela-legal.com\/en\/wp-json\/wp\/v2\/posts\/4614\/revisions\/4616"}],"wp:featuredmedia":[{"embeddable":true,"href":"https:\/\/www.chalela-legal.com\/en\/wp-json\/wp\/v2\/media\/4615"}],"wp:attachment":[{"href":"https:\/\/www.chalela-legal.com\/en\/wp-json\/wp\/v2\/media?parent=4614"}],"wp:term":[{"taxonomy":"category","embeddable":true,"href":"https:\/\/www.chalela-legal.com\/en\/wp-json\/wp\/v2\/categories?post=4614"},{"taxonomy":"post_tag","embeddable":true,"href":"https:\/\/www.chalela-legal.com\/en\/wp-json\/wp\/v2\/tags?post=4614"}],"curies":[{"name":"wp","href":"https:\/\/api.w.org\/{rel}","templated":true}]}}