{"id":4622,"date":"2025-09-19T17:44:59","date_gmt":"2025-09-19T17:44:59","guid":{"rendered":"https:\/\/www.chalela-legal.com\/?p=4622"},"modified":"2025-09-19T19:19:45","modified_gmt":"2025-09-19T19:19:45","slug":"decreto-0972-de-2025-programa-colombia-solar","status":"publish","type":"post","link":"https:\/\/www.chalela-legal.com\/en\/decreto-0972-de-2025-programa-colombia-solar\/","title":{"rendered":"Decreto 0972 de 2025: Programa Colombia Solar"},"content":{"rendered":"<p>El Decreto 0972 de 2025 habilita la energ\u00eda solar como fuente de autogeneraci\u00f3n para usuarios de los estratos 1, 2 y 3 del Sistema Interconectado Nacional (SIN) y de las Zonas No Interconectadas (ZNI), configur\u00e1ndola como alternativa al esquema de subsidios existente para el consumo de electricidad.<\/p>\n\n\n\n<p>Puntos clave del Decreto:<\/p>\n\n\n\n<ul class=\"wp-block-list\">\n<li>Se crea el Programa Colombia Solar como pol\u00edtica p\u00fablica en el marco de la Transici\u00f3n Energ\u00e9tica Justa.<\/li>\n\n\n\n<li>Busca garantizar el Consumo B\u00e1sico de Subsistencia de los usuarios beneficiarios mediante autogeneraci\u00f3n solar.<\/li>\n\n\n\n<li>Permite un uso eficiente de los recursos del Fondo de Solidaridad para Subsidios y Redistribuci\u00f3n de Ingresos (FSSRI).<\/li>\n\n\n\n<li>Incentiva la inversi\u00f3n en energ\u00edas renovables y fortalece la industria solar en el pa\u00eds.<\/li>\n\n\n\n<li>Se articula con otras iniciativas de autoabastecimiento energ\u00e9tico.<\/li>\n<\/ul>\n\n\n\n<p>El Programa podr\u00e1 financiarse con recursos del Presupuesto General de la Naci\u00f3n, del Fondo de Energ\u00edas No Convencionales y Gesti\u00f3n Eficiente de la Energ\u00eda (FENOGE), del Fondo Nacional para el Desarrollo de la Infraestructura (FONDES), as\u00ed como de banca multilateral, cooperaci\u00f3n internacional e inversi\u00f3n privada.<\/p>\n\n\n\n<p>El Ministerio de Minas y Energ\u00eda liderar\u00e1 la ejecuci\u00f3n, reglamentaci\u00f3n y seguimiento del programa, en coordinaci\u00f3n con entidades p\u00fablicas, privadas o mixtas.<\/p>\n\n\n\n<p>Consulte el texto completo del Decreto <a href=\"https:\/\/www.chalela-legal.com\/wp-content\/uploads\/2025\/09\/DECRETO_0972_DE_2025_1757644149.pdf\" target=\"_blank\" rel=\"noopener nofollow\" title=\"aqu\u00ed\">aqu\u00ed<\/a>.<\/p>","protected":false},"excerpt":{"rendered":"<p>El Decreto 0972 de 2025 habilita la energ\u00eda solar como fuente de autogeneraci\u00f3n para usuarios de los estratos 1, 2 y 3 del Sistema Interconectado Nacional (SIN) y de las Zonas No Interconectadas (ZNI), configur\u00e1ndola como alternativa al esquema de subsidios existente para el consumo de electricidad. Puntos clave del Decreto: El Programa podr\u00e1 financiarse [&hellip;]<\/p>","protected":false},"author":1,"featured_media":4623,"comment_status":"closed","ping_status":"closed","sticky":false,"template":"","format":"standard","meta":{"_acf_changed":false,"_monsterinsights_skip_tracking":false,"_monsterinsights_sitenote_active":false,"_monsterinsights_sitenote_note":"","_monsterinsights_sitenote_category":0,"footnotes":""},"categories":[1],"tags":[],"class_list":["post-4622","post","type-post","status-publish","format-standard","has-post-thumbnail","hentry","category-uncategorized"],"acf":[],"aioseo_notices":[],"_links":{"self":[{"href":"https:\/\/www.chalela-legal.com\/en\/wp-json\/wp\/v2\/posts\/4622","targetHints":{"allow":["GET"]}}],"collection":[{"href":"https:\/\/www.chalela-legal.com\/en\/wp-json\/wp\/v2\/posts"}],"about":[{"href":"https:\/\/www.chalela-legal.com\/en\/wp-json\/wp\/v2\/types\/post"}],"author":[{"embeddable":true,"href":"https:\/\/www.chalela-legal.com\/en\/wp-json\/wp\/v2\/users\/1"}],"replies":[{"embeddable":true,"href":"https:\/\/www.chalela-legal.com\/en\/wp-json\/wp\/v2\/comments?post=4622"}],"version-history":[{"count":2,"href":"https:\/\/www.chalela-legal.com\/en\/wp-json\/wp\/v2\/posts\/4622\/revisions"}],"predecessor-version":[{"id":4627,"href":"https:\/\/www.chalela-legal.com\/en\/wp-json\/wp\/v2\/posts\/4622\/revisions\/4627"}],"wp:featuredmedia":[{"embeddable":true,"href":"https:\/\/www.chalela-legal.com\/en\/wp-json\/wp\/v2\/media\/4623"}],"wp:attachment":[{"href":"https:\/\/www.chalela-legal.com\/en\/wp-json\/wp\/v2\/media?parent=4622"}],"wp:term":[{"taxonomy":"category","embeddable":true,"href":"https:\/\/www.chalela-legal.com\/en\/wp-json\/wp\/v2\/categories?post=4622"},{"taxonomy":"post_tag","embeddable":true,"href":"https:\/\/www.chalela-legal.com\/en\/wp-json\/wp\/v2\/tags?post=4622"}],"curies":[{"name":"wp","href":"https:\/\/api.w.org\/{rel}","templated":true}]}}