{"id":6465,"date":"2025-11-13T18:38:23","date_gmt":"2025-11-13T18:38:23","guid":{"rendered":"https:\/\/www.chalela-legal.com\/?p=6465"},"modified":"2025-11-13T18:38:48","modified_gmt":"2025-11-13T18:38:48","slug":"ministerio-de-minas-y-energia-publico-para-comentarios-el-proyecto-de-agenda-regulatoria-para-2026","status":"publish","type":"post","link":"https:\/\/www.chalela-legal.com\/en\/ministerio-de-minas-y-energia-publico-para-comentarios-el-proyecto-de-agenda-regulatoria-para-2026\/","title":{"rendered":"Ministerio de Minas y Energ\u00eda public\u00f3 para comentarios el Proyecto de Agenda Regulatoria para 2026"},"content":{"rendered":"<p>comentarios del p\u00fablico. La agenda, organizada por direcciones, oficinas y grupos t\u00e9cnicos, traza la hoja de ruta normativa para 2026 en hidrocarburos, energ\u00eda el\u00e9ctrica, formalizaci\u00f3n minera, asuntos ambientales y sociales, asuntos regulatorios y empresariales, y regal\u00edas.<\/p>\n\n\n\n<p>Destacamos, por direcci\u00f3n, algunos de los principales proyectos incluidos en el Proyecto de Agenda Regulatoria para 2026:<\/p>\n\n\n\n<p>Direcci\u00f3n de Hidrocarburos:<\/p>\n\n\n\n<ul class=\"wp-block-list\">\n<li>Actualizaci\u00f3n de la metodolog\u00eda tarifaria del servicio p\u00fablico de transporte por oleoducto (arts. 56 y 57 del C\u00f3digo de Petr\u00f3leos) \u2013 Tercer trimestre 2026.<\/li>\n\n\n\n<li>Proyecto que establece el Reglamento de Transporte por Oleoductos. Actualizaci\u00f3n de los requisitos t\u00e9cnicos y condiciones para desarrollar las actividades de transporte de petr\u00f3leo por oleoducto, como lo disponen los art\u00edculos 45 y siguientes del C\u00f3digo de Petr\u00f3leos (Decreto 1056 de 1953) \u2013 Primer trimestre 2026.<\/li>\n<\/ul>\n\n\n\n<p>Direcci\u00f3n de Energ\u00eda El\u00e9ctrica:<\/p>\n\n\n\n<ul class=\"wp-block-list\">\n<li>Reglamentaci\u00f3n del Programa Colombia Solar y lineamientos para su implementaci\u00f3n operativa y contractual \u2013 Primer trimestre 2026.<\/li>\n\n\n\n<li>Reforma al esquema de subsidios el\u00e9ctricos, incluyendo focalizaci\u00f3n, reasignaci\u00f3n y reglas para \u00e1reas especiales \u2013 Cuarto trimestre 2026.<\/li>\n\n\n\n<li>Mejora del esquema para soluciones solares individuales en Zonas No Interconectadas (ZNI) \u2013 Segundo trimestre 2026.<\/li>\n\n\n\n<li>Actualizaci\u00f3n de reglamentos t\u00e9cnicos (RETIE, RETILAP, RETIQ y RETSIT) para alineaci\u00f3n tecnol\u00f3gica y seguridad \u2013 Segundo y tercer trimestre 2026.<\/li>\n\n\n\n<li>Convocatoria y reglas para recursos del Programa de Normalizaci\u00f3n de Redes El\u00e9ctricas (PRONE), incluyendo AGPE \u2013 Primer trimestre 2026.<\/li>\n<\/ul>\n\n\n\n<p>Direcci\u00f3n de Asuntos Regulatorios y Empresariales:<\/p>\n\n\n\n<ul class=\"wp-block-list\">\n<li>Modificaci\u00f3n del Decreto 1073 de 2015, con actualizaci\u00f3n y creaci\u00f3n de definiciones relacionadas con contratos, producci\u00f3n comprometida, demanda esencial y cantidades importadas \u2013 Cuarto trimestre 2026.<\/li>\n\n\n\n<li>Actualizaci\u00f3n del Plan de Abastecimiento de Gas Natural (PAGN) con base en el Estudio T\u00e9cnico 2023\u20132032 (ETPAGN) y los proyectos definidos en la Resoluci\u00f3n 40031 de 2025 \u2013 Cuarto trimestre 2026.<\/li>\n\n\n\n<li>Evaluaci\u00f3n del Plan Indicativo de Abastecimiento de GLP (PIAGLP 2025\u20132034) para su eventual adopci\u00f3n \u2013 Cuarto trimestre 2026.<\/li>\n\n\n\n<li>Convocatoria para mecanismos de contrataci\u00f3n de largo plazo aplicables a proyectos de generaci\u00f3n, almacenamiento, transmisi\u00f3n y distribuci\u00f3n de energ\u00eda el\u00e9ctrica, conforme al decreto de promoci\u00f3n de FNCER y SAE \u2013 Cuarto trimestre 2026.<\/li>\n<\/ul>\n\n\n\n<p>Direcci\u00f3n de Asuntos Ambientales y Sociales:<\/p>\n\n\n\n<ul class=\"wp-block-list\">\n<li>Decreto por el cual se reglamentan parcialmente los art\u00edculos 22 y 57 de la Ley 2099 de 2021, el art\u00edculo 264 de la Ley 2294 de 2023 que adopta el Plan Nacional de Desarrollo 2022-2026 y se adiciona el T\u00edtulo VIII a la Parte 2 del Libro 2 del Decreto 1073 de 2015, en relaci\u00f3n con la implementaci\u00f3n de tecnolog\u00edas de Captura, Utilizaci\u00f3n y Almacenamiento de carbono \u2013 Segundo trimestre 2026.<\/li>\n<\/ul>\n\n\n\n<p>El Proyecto de Agenda Regulatoria estar\u00e1 disponible para observaciones, comentarios y propuestas hasta el 30 de noviembre de 2025. Las propuestas deben ser enviadas al correo <a href=\"mailto:pciudadana@minenergia.gov.co\" target=\"_blank\" rel=\"noopener\" title=\"\">pciudadana@minenergia.gov.co<\/a> mediante el formulario editable dispuesto por el MME.<\/p>\n\n\n\n<p>Consulte el Proyecto de Agenda Regulatoria MME 2026 <a href=\"https:\/\/www.minenergia.gov.co\/es\/servicio-al-ciudadano\/foros\/proyectos-de-agendas-regulatorias-2026\/\" target=\"_blank\" rel=\"noopener\" title=\"\">aqu\u00ed<\/a>.<\/p>","protected":false},"excerpt":{"rendered":"<p>comentarios del p\u00fablico. La agenda, organizada por direcciones, oficinas y grupos t\u00e9cnicos, traza la hoja de ruta normativa para 2026 en hidrocarburos, energ\u00eda el\u00e9ctrica, formalizaci\u00f3n minera, asuntos ambientales y sociales, asuntos regulatorios y empresariales, y regal\u00edas. Destacamos, por direcci\u00f3n, algunos de los principales proyectos incluidos en el Proyecto de Agenda Regulatoria para 2026: Direcci\u00f3n de [&hellip;]<\/p>","protected":false},"author":1,"featured_media":6466,"comment_status":"closed","ping_status":"closed","sticky":false,"template":"","format":"standard","meta":{"_acf_changed":false,"_monsterinsights_skip_tracking":false,"_monsterinsights_sitenote_active":false,"_monsterinsights_sitenote_note":"","_monsterinsights_sitenote_category":0,"footnotes":""},"categories":[1],"tags":[],"class_list":["post-6465","post","type-post","status-publish","format-standard","has-post-thumbnail","hentry","category-uncategorized"],"acf":[],"aioseo_notices":[],"_links":{"self":[{"href":"https:\/\/www.chalela-legal.com\/en\/wp-json\/wp\/v2\/posts\/6465","targetHints":{"allow":["GET"]}}],"collection":[{"href":"https:\/\/www.chalela-legal.com\/en\/wp-json\/wp\/v2\/posts"}],"about":[{"href":"https:\/\/www.chalela-legal.com\/en\/wp-json\/wp\/v2\/types\/post"}],"author":[{"embeddable":true,"href":"https:\/\/www.chalela-legal.com\/en\/wp-json\/wp\/v2\/users\/1"}],"replies":[{"embeddable":true,"href":"https:\/\/www.chalela-legal.com\/en\/wp-json\/wp\/v2\/comments?post=6465"}],"version-history":[{"count":2,"href":"https:\/\/www.chalela-legal.com\/en\/wp-json\/wp\/v2\/posts\/6465\/revisions"}],"predecessor-version":[{"id":6468,"href":"https:\/\/www.chalela-legal.com\/en\/wp-json\/wp\/v2\/posts\/6465\/revisions\/6468"}],"wp:featuredmedia":[{"embeddable":true,"href":"https:\/\/www.chalela-legal.com\/en\/wp-json\/wp\/v2\/media\/6466"}],"wp:attachment":[{"href":"https:\/\/www.chalela-legal.com\/en\/wp-json\/wp\/v2\/media?parent=6465"}],"wp:term":[{"taxonomy":"category","embeddable":true,"href":"https:\/\/www.chalela-legal.com\/en\/wp-json\/wp\/v2\/categories?post=6465"},{"taxonomy":"post_tag","embeddable":true,"href":"https:\/\/www.chalela-legal.com\/en\/wp-json\/wp\/v2\/tags?post=6465"}],"curies":[{"name":"wp","href":"https:\/\/api.w.org\/{rel}","templated":true}]}}