{"id":6794,"date":"2025-12-17T00:07:26","date_gmt":"2025-12-17T00:07:26","guid":{"rendered":"https:\/\/www.chalela-legal.com\/?p=6794"},"modified":"2025-12-17T00:12:05","modified_gmt":"2025-12-17T00:12:05","slug":"proyecto-de-resolucion-mme-el-ministerio-de-minas-y-energia-busca-habilitar-el-uso-transitorio-de-infraestructura-de-importacion-y-regasificacion-de-gas-natural","status":"publish","type":"post","link":"https:\/\/www.chalela-legal.com\/en\/proyecto-de-resolucion-mme-el-ministerio-de-minas-y-energia-busca-habilitar-el-uso-transitorio-de-infraestructura-de-importacion-y-regasificacion-de-gas-natural\/","title":{"rendered":"Proyecto de Resoluci\u00f3n MME: el Ministerio de Minas y Energ\u00eda busca habilitar el uso transitorio de infraestructura de importaci\u00f3n y regasificaci\u00f3n de gas natural."},"content":{"rendered":"<p>El Ministerio de Minas y Energ\u00eda public\u00f3 para comentarios el proyecto de resoluci\u00f3n mediante el cual se habilita de manera transitoria el uso de las infraestructuras de importaci\u00f3n y regasificaci\u00f3n de gas natural, con el objetivo de promover la confiabilidad en el abastecimiento de gas y electricidad y reforzar la seguridad energ\u00e9tica del pa\u00eds.<\/p>\n\n\n\n<p>La iniciativa plantea lineamientos que permiten aprovechar la capacidad de regasificaci\u00f3n asociada a plantas t\u00e9rmicas cuando no sea requerida para el despacho el\u00e9ctrico, habilitando la comercializaci\u00f3n de gas natural importado en el mercado secundario bajo contratos que garanticen firmeza.<\/p>\n\n\n\n<p>El proyecto de resoluci\u00f3n establece, entre otras, las siguientes medidas:<\/p>\n\n\n\n<ul class=\"wp-block-list\">\n<li>Habilita la utilizaci\u00f3n de la capacidad de regasificaci\u00f3n asociada a plantas t\u00e9rmicas cuando no sea requerida para atender la demanda el\u00e9ctrica conforme a los requerimientos del Centro Nacional de Despacho (CND), priorizando en todo caso el abastecimiento el\u00e9ctrico.<\/li>\n\n\n\n<li>Autoriza a los generadores t\u00e9rmicos, en su calidad de comercializadores con respaldo f\u00edsico, a comercializar gas natural importado mediante contratos de suministro de gas natural importado, bajo condiciones que garanticen firmeza.<\/li>\n\n\n\n<li>Establece obligaciones de coordinaci\u00f3n operativa entre generadores t\u00e9rmicos, compradores de gas y el CND para la ejecuci\u00f3n de los contratos de suministro, as\u00ed como reglas de priorizaci\u00f3n del gas natural importado.<\/li>\n\n\n\n<li>Permite la sustituci\u00f3n de gas natural por gas licuado de petr\u00f3leo (GLP) importado en plantas t\u00e9rmicas que cuenten con capacidad t\u00e9cnica y econ\u00f3mica para ello, con el fin de liberar vol\u00famenes de gas natural para su comercializaci\u00f3n.<\/li>\n\n\n\n<li>Define el mecanismo transitorio para la comercializaci\u00f3n de gas natural adicional en condiciones de firmeza, aplicable a vol\u00famenes disponibles con posterioridad a la declaraci\u00f3n de la Producci\u00f3n Total Disponible para la Venta (PTDV y PTDVF).<\/li>\n\n\n\n<li>Limita la vigencia de los contratos de gas natural adicional al trimestre de ejecuci\u00f3n siguiente al de su negociaci\u00f3n, en atenci\u00f3n a su car\u00e1cter transitorio.<\/li>\n\n\n\n<li>Dispone que la CREG expida la regulaci\u00f3n necesaria para habilitar mecanismos de swaps contractuales y operativos orientados a la optimizaci\u00f3n del Sistema Nacional de Transporte (SNT).<\/li>\n<\/ul>\n\n\n\n<p>El plazo para la recepci\u00f3n de comentarios al proyecto de resoluci\u00f3n vence el 16 de diciembre de 2025.<\/p>\n\n\n\n<p>Consulte el texto completo del <a href=\"https:\/\/www.chalela-legal.com\/wp-content\/uploads\/2025\/12\/Resolucion_Gas-Disponible-GT_Regasificacion__para_comentarios.pdf\" target=\"_blank\" rel=\"noopener\" title=\"proyecto de resoluci\u00f3n\">proyecto de resoluci\u00f3n<\/a> y su <a href=\"https:\/\/www.chalela-legal.com\/wp-content\/uploads\/2025\/12\/Memoria_justificativa_Gas-Disponible-GT_Regasificacion_para_comentarios.pdf\" target=\"_blank\" rel=\"noopener\" title=\"\">memoria justificativa<\/a>.<\/p>","protected":false},"excerpt":{"rendered":"<p>El Ministerio de Minas y Energ\u00eda public\u00f3 para comentarios el proyecto de resoluci\u00f3n mediante el cual se habilita de manera transitoria el uso de las infraestructuras de importaci\u00f3n y regasificaci\u00f3n de gas natural, con el objetivo de promover la confiabilidad en el abastecimiento de gas y electricidad y reforzar la seguridad energ\u00e9tica del pa\u00eds. La [&hellip;]<\/p>","protected":false},"author":1,"featured_media":6795,"comment_status":"closed","ping_status":"closed","sticky":false,"template":"","format":"standard","meta":{"_acf_changed":false,"_monsterinsights_skip_tracking":false,"_monsterinsights_sitenote_active":false,"_monsterinsights_sitenote_note":"","_monsterinsights_sitenote_category":0,"footnotes":""},"categories":[1],"tags":[],"class_list":["post-6794","post","type-post","status-publish","format-standard","has-post-thumbnail","hentry","category-uncategorized"],"acf":[],"aioseo_notices":[],"_links":{"self":[{"href":"https:\/\/www.chalela-legal.com\/en\/wp-json\/wp\/v2\/posts\/6794","targetHints":{"allow":["GET"]}}],"collection":[{"href":"https:\/\/www.chalela-legal.com\/en\/wp-json\/wp\/v2\/posts"}],"about":[{"href":"https:\/\/www.chalela-legal.com\/en\/wp-json\/wp\/v2\/types\/post"}],"author":[{"embeddable":true,"href":"https:\/\/www.chalela-legal.com\/en\/wp-json\/wp\/v2\/users\/1"}],"replies":[{"embeddable":true,"href":"https:\/\/www.chalela-legal.com\/en\/wp-json\/wp\/v2\/comments?post=6794"}],"version-history":[{"count":2,"href":"https:\/\/www.chalela-legal.com\/en\/wp-json\/wp\/v2\/posts\/6794\/revisions"}],"predecessor-version":[{"id":6800,"href":"https:\/\/www.chalela-legal.com\/en\/wp-json\/wp\/v2\/posts\/6794\/revisions\/6800"}],"wp:featuredmedia":[{"embeddable":true,"href":"https:\/\/www.chalela-legal.com\/en\/wp-json\/wp\/v2\/media\/6795"}],"wp:attachment":[{"href":"https:\/\/www.chalela-legal.com\/en\/wp-json\/wp\/v2\/media?parent=6794"}],"wp:term":[{"taxonomy":"category","embeddable":true,"href":"https:\/\/www.chalela-legal.com\/en\/wp-json\/wp\/v2\/categories?post=6794"},{"taxonomy":"post_tag","embeddable":true,"href":"https:\/\/www.chalela-legal.com\/en\/wp-json\/wp\/v2\/tags?post=6794"}],"curies":[{"name":"wp","href":"https:\/\/api.w.org\/{rel}","templated":true}]}}