{"id":6832,"date":"2026-02-23T14:29:55","date_gmt":"2026-02-23T14:29:55","guid":{"rendered":"https:\/\/www.chalela-legal.com\/?p=6832"},"modified":"2026-02-23T14:29:57","modified_gmt":"2026-02-23T14:29:57","slug":"actualizacion-normativa-sobre-actividades-permitidas-en-reservas-forestales-en-colombia","status":"publish","type":"post","link":"https:\/\/www.chalela-legal.com\/en\/actualizacion-normativa-sobre-actividades-permitidas-en-reservas-forestales-en-colombia\/","title":{"rendered":"Actualizaci\u00f3n normativa sobre actividades permitidas en reservas forestales en Colombia"},"content":{"rendered":"<p>El pasado 5 de febrero de 2026, el Ministerio de Ambiente y Desarrollo Sostenible expidi\u00f3 la Resoluci\u00f3n 0083, que consolida en un solo documento las actividades de bajo impacto ambiental que pueden desarrollarse en \u00e1reas de reserva forestal sin necesidad de tr\u00e1mite de sustracci\u00f3n previa, reduciendo la incertidumbre regulatoria en la planificaci\u00f3n y ejecuci\u00f3n de proyectos. Para el sector energ\u00e9tico y de infraestructura, estas son las actividades que llaman la atenci\u00f3n:<\/p>\n\n\n\n<p>\u2600\ufe0f Energ\u00edas renovables: Instalaci\u00f3n de soluciones fotovoltaicas individuales aisladas, interconexi\u00f3n, sistemas h\u00edbridos y microrredes con un l\u00edmite m\u00e1ximo de potencia de 5MW de potencia<\/p>\n\n\n\n<p>\ud83d\uddfc Infraestructura de transmisi\u00f3n y conectividad: Torres para antenas, instalaciones de transmisi\u00f3n y distribuci\u00f3n de energ\u00eda el\u00e9ctrica con sus accesos temporales y el despliegue de redes de fibra \u00f3ptica subfluvial (bajo el lecho de r\u00edos) hasta nodos de servicio y repetici\u00f3n.<\/p>\n\n\n\n<p>\u2699\ufe0f V\u00edas: mantenimiento, rehabilitaci\u00f3n y mejoramiento de v\u00edas existentes en condiciones espec\u00edficas.<\/p>\n\n\n\n<p>\u26a0\ufe0f Pero ojo \u2014 esto no es carta blanca:<\/p>\n\n\n\n<p>Los art\u00edculos 3 y 4 de la Resoluci\u00f3n establecen una serie de consideraciones y medidas que deben ser tenidas en cuenta previo al desarrollo de las actividades listadas.<\/p>\n\n\n\n<ul class=\"wp-block-list\">\n<li>Es obligatorio informar previamente a la autoridad ambiental competente;<\/li>\n\n\n\n<li>Se deben implementar medidas de manejo ambiental espec\u00edficas;<\/li>\n\n\n\n<li>En reservas protectoras nacionales y regionales aplican restricciones adicionales;<\/li>\n\n\n\n<li>No exime de obtener los permisos de uso y aprovechamiento de recursos naturales que correspondan.<\/li>\n<\/ul>\n\n\n\n<p>Esta resoluci\u00f3n es una oportunidad, pero su correcta aplicaci\u00f3n depende de una estructuraci\u00f3n legal s\u00f3lida desde el inicio del proyecto. Un error en la clasificaci\u00f3n de la actividad, en la delimitaci\u00f3n cartogr\u00e1fica del \u00e1rea o en la identificaci\u00f3n del tipo de reserva puede traducirse en contingencias regulatorias, suspensi\u00f3n de obras o riesgos sancionatorios. <\/p>\n\n\n\n<p>Consulte la <a href=\"https:\/\/lector.ramajudicial.gov.co\/SIDN\/NORMATIVA\/TEXTOS_COMPLETOS\/8_RESOLUCIONES\/RESOLUCIONES%202026\/MADS%20Resolucion%200083%20de%202026.pdf\" target=\"_blank\" rel=\"noopener\" title=\"\">Resoluci\u00f3n 0083 de 05 de febrero de 2026<\/a>.<\/p>","protected":false},"excerpt":{"rendered":"<p>El pasado 5 de febrero de 2026, el Ministerio de Ambiente y Desarrollo Sostenible expidi\u00f3 la Resoluci\u00f3n 0083, que consolida en un solo documento las actividades de bajo impacto ambiental que pueden desarrollarse en \u00e1reas de reserva forestal sin necesidad de tr\u00e1mite de sustracci\u00f3n previa, reduciendo la incertidumbre regulatoria en la planificaci\u00f3n y ejecuci\u00f3n de [&hellip;]<\/p>","protected":false},"author":1,"featured_media":6833,"comment_status":"closed","ping_status":"closed","sticky":false,"template":"","format":"standard","meta":{"_acf_changed":false,"_monsterinsights_skip_tracking":false,"_monsterinsights_sitenote_active":false,"_monsterinsights_sitenote_note":"","_monsterinsights_sitenote_category":0,"footnotes":""},"categories":[1],"tags":[],"class_list":["post-6832","post","type-post","status-publish","format-standard","has-post-thumbnail","hentry","category-uncategorized"],"acf":[],"aioseo_notices":[],"_links":{"self":[{"href":"https:\/\/www.chalela-legal.com\/en\/wp-json\/wp\/v2\/posts\/6832","targetHints":{"allow":["GET"]}}],"collection":[{"href":"https:\/\/www.chalela-legal.com\/en\/wp-json\/wp\/v2\/posts"}],"about":[{"href":"https:\/\/www.chalela-legal.com\/en\/wp-json\/wp\/v2\/types\/post"}],"author":[{"embeddable":true,"href":"https:\/\/www.chalela-legal.com\/en\/wp-json\/wp\/v2\/users\/1"}],"replies":[{"embeddable":true,"href":"https:\/\/www.chalela-legal.com\/en\/wp-json\/wp\/v2\/comments?post=6832"}],"version-history":[{"count":1,"href":"https:\/\/www.chalela-legal.com\/en\/wp-json\/wp\/v2\/posts\/6832\/revisions"}],"predecessor-version":[{"id":6834,"href":"https:\/\/www.chalela-legal.com\/en\/wp-json\/wp\/v2\/posts\/6832\/revisions\/6834"}],"wp:featuredmedia":[{"embeddable":true,"href":"https:\/\/www.chalela-legal.com\/en\/wp-json\/wp\/v2\/media\/6833"}],"wp:attachment":[{"href":"https:\/\/www.chalela-legal.com\/en\/wp-json\/wp\/v2\/media?parent=6832"}],"wp:term":[{"taxonomy":"category","embeddable":true,"href":"https:\/\/www.chalela-legal.com\/en\/wp-json\/wp\/v2\/categories?post=6832"},{"taxonomy":"post_tag","embeddable":true,"href":"https:\/\/www.chalela-legal.com\/en\/wp-json\/wp\/v2\/tags?post=6832"}],"curies":[{"name":"wp","href":"https:\/\/api.w.org\/{rel}","templated":true}]}}